{"id":3235,"date":"2021-07-28T09:26:44","date_gmt":"2021-07-28T07:26:44","guid":{"rendered":"https:\/\/csif.umh.es\/?p=3235"},"modified":"2021-07-28T09:26:44","modified_gmt":"2021-07-28T07:26:44","slug":"miguel-borra-en-la-cadena-ser-la-oferta-de-empleo-publico-es-insuficiente-genera-solamente-2-500-plazas-netas-seria-necesario-recuperar-al-menos-los-50-000-puestos-de-trabajo-perdidos-los-ultimo","status":"publish","type":"post","link":"https:\/\/csif.umh.es\/ca\/2021\/07\/28\/miguel-borra-en-la-cadena-ser-la-oferta-de-empleo-publico-es-insuficiente-genera-solamente-2-500-plazas-netas-seria-necesario-recuperar-al-menos-los-50-000-puestos-de-trabajo-perdidos-los-ultimo\/","title":{"rendered":"<span lang=\"es\">(Espa\u00f1ol) Miguel Borra, en la cadena SER: &#8220;La oferta de empleo p\u00fablico es insuficiente: genera solamente 2.500 plazas netas. Ser\u00eda necesario recuperar al menos los 50.000 puestos de trabajo perdidos los \u00faltimos 10 a\u00f1os&#8221;<\/span>"},"content":{"rendered":"<p class=\"qtranxs-available-languages-message qtranxs-available-languages-message-ca\">Ho sentim, aquesta entrada es troba disponible \u00fanicament en <a href=\"https:\/\/csif.umh.es\/es\/wp-json\/wp\/v2\/posts\/3235\" class=\"qtranxs-available-language-link qtranxs-available-language-link-es\" title=\"Espa\u00f1ol\">Espanyol Europeu<\/a>.<\/p>","protected":false},"excerpt":{"rendered":"<p>Ho sentim, aquesta entrada es troba disponible \u00fanicament en Espanyol Europeu.<\/p>\n","protected":false},"author":165,"featured_media":0,"comment_status":"closed","ping_status":"open","sticky":false,"template":"","format":"standard","meta":{"ngg_post_thumbnail":0,"_links_to":"","_links_to_target":""},"categories":[1],"tags":[],"_links":{"self":[{"href":"https:\/\/csif.umh.es\/ca\/wp-json\/wp\/v2\/posts\/3235"}],"collection":[{"href":"https:\/\/csif.umh.es\/ca\/wp-json\/wp\/v2\/posts"}],"about":[{"href":"https:\/\/csif.umh.es\/ca\/wp-json\/wp\/v2\/types\/post"}],"author":[{"embeddable":true,"href":"https:\/\/csif.umh.es\/ca\/wp-json\/wp\/v2\/users\/165"}],"replies":[{"embeddable":true,"href":"https:\/\/csif.umh.es\/ca\/wp-json\/wp\/v2\/comments?post=3235"}],"version-history":[{"count":0,"href":"https:\/\/csif.umh.es\/ca\/wp-json\/wp\/v2\/posts\/3235\/revisions"}],"wp:attachment":[{"href":"https:\/\/csif.umh.es\/ca\/wp-json\/wp\/v2\/media?parent=3235"}],"wp:term":[{"taxonomy":"category","embeddable":true,"href":"https:\/\/csif.umh.es\/ca\/wp-json\/wp\/v2\/categories?post=3235"},{"taxonomy":"post_tag","embeddable":true,"href":"https:\/\/csif.umh.es\/ca\/wp-json\/wp\/v2\/tags?post=3235"}],"curies":[{"name":"wp","href":"https:\/\/api.w.org\/{rel}","templated":true}]}}