{"id":2954,"date":"2021-03-04T08:52:18","date_gmt":"2021-03-04T07:52:18","guid":{"rendered":"https:\/\/csif.umh.es\/?p=2954"},"modified":"2021-03-04T08:52:18","modified_gmt":"2021-03-04T07:52:18","slug":"csif-insiste-en-que-los-colectivos-universitarios-de-pas-y-pdi-ya-deben-verse-afectados-por-la-campana-de-vacunacion","status":"publish","type":"post","link":"https:\/\/csif.umh.es\/ca\/2021\/03\/04\/csif-insiste-en-que-los-colectivos-universitarios-de-pas-y-pdi-ya-deben-verse-afectados-por-la-campana-de-vacunacion\/","title":{"rendered":"<span lang=\"es\">(Espa\u00f1ol) CSIF insiste en que los colectivos universitarios de PAS y PDI ya deben verse afectados por la campa\u00f1a de vacunaci\u00f3n.<\/span>"},"content":{"rendered":"<p class=\"qtranxs-available-languages-message qtranxs-available-languages-message-ca\">Ho sentim, aquesta entrada es troba disponible \u00fanicament en <a href=\"https:\/\/csif.umh.es\/es\/wp-json\/wp\/v2\/posts\/2954\" class=\"qtranxs-available-language-link qtranxs-available-language-link-es\" title=\"Espa\u00f1ol\">Espanyol Europeu<\/a>.<\/p>","protected":false},"excerpt":{"rendered":"<p>Ho sentim, aquesta entrada es troba disponible \u00fanicament en Espanyol Europeu.<\/p>\n","protected":false},"author":165,"featured_media":0,"comment_status":"closed","ping_status":"open","sticky":false,"template":"","format":"standard","meta":{"ngg_post_thumbnail":0,"_links_to":"","_links_to_target":""},"categories":[1],"tags":[],"_links":{"self":[{"href":"https:\/\/csif.umh.es\/ca\/wp-json\/wp\/v2\/posts\/2954"}],"collection":[{"href":"https:\/\/csif.umh.es\/ca\/wp-json\/wp\/v2\/posts"}],"about":[{"href":"https:\/\/csif.umh.es\/ca\/wp-json\/wp\/v2\/types\/post"}],"author":[{"embeddable":true,"href":"https:\/\/csif.umh.es\/ca\/wp-json\/wp\/v2\/users\/165"}],"replies":[{"embeddable":true,"href":"https:\/\/csif.umh.es\/ca\/wp-json\/wp\/v2\/comments?post=2954"}],"version-history":[{"count":0,"href":"https:\/\/csif.umh.es\/ca\/wp-json\/wp\/v2\/posts\/2954\/revisions"}],"wp:attachment":[{"href":"https:\/\/csif.umh.es\/ca\/wp-json\/wp\/v2\/media?parent=2954"}],"wp:term":[{"taxonomy":"category","embeddable":true,"href":"https:\/\/csif.umh.es\/ca\/wp-json\/wp\/v2\/categories?post=2954"},{"taxonomy":"post_tag","embeddable":true,"href":"https:\/\/csif.umh.es\/ca\/wp-json\/wp\/v2\/tags?post=2954"}],"curies":[{"name":"wp","href":"https:\/\/api.w.org\/{rel}","templated":true}]}}