{"id":1703,"date":"2016-03-01T09:50:42","date_gmt":"2016-03-01T08:50:42","guid":{"rendered":"http:\/\/csif.umh.es\/?p=1703"},"modified":"2016-03-01T09:51:51","modified_gmt":"2016-03-01T08:51:51","slug":"el-tsj-falla-a-favor-de-csi%e2%80%a2f-y-anula-la-jubilacion-forzosa-a-los-65-anos-al-personal-estatutario-de-sanidad-que-decreto-el-consell","status":"publish","type":"post","link":"https:\/\/csif.umh.es\/ca\/2016\/03\/01\/el-tsj-falla-a-favor-de-csi%e2%80%a2f-y-anula-la-jubilacion-forzosa-a-los-65-anos-al-personal-estatutario-de-sanidad-que-decreto-el-consell\/","title":{"rendered":"<span lang=\"es\">(Espa\u00f1ol) El TSJ falla a favor de CSI\u2022F y anula la jubilaci\u00f3n forzosa a los 65 a\u00f1os al personal estatutario de Sanidad que decret\u00f3 el Consell<\/span>"},"content":{"rendered":"<p class=\"qtranxs-available-languages-message qtranxs-available-languages-message-ca\">Ho sentim, aquesta entrada es troba disponible \u00fanicament en <a href=\"https:\/\/csif.umh.es\/es\/wp-json\/wp\/v2\/posts\/1703\" class=\"qtranxs-available-language-link qtranxs-available-language-link-es\" title=\"Espa\u00f1ol\">Espanyol Europeu<\/a>.<\/p>","protected":false},"excerpt":{"rendered":"<p>Ho sentim, aquesta entrada es troba disponible \u00fanicament en Espanyol Europeu.<\/p>\n","protected":false},"author":165,"featured_media":0,"comment_status":"closed","ping_status":"open","sticky":false,"template":"","format":"standard","meta":{"ngg_post_thumbnail":0,"_links_to":"","_links_to_target":""},"categories":[1],"tags":[],"_links":{"self":[{"href":"https:\/\/csif.umh.es\/ca\/wp-json\/wp\/v2\/posts\/1703"}],"collection":[{"href":"https:\/\/csif.umh.es\/ca\/wp-json\/wp\/v2\/posts"}],"about":[{"href":"https:\/\/csif.umh.es\/ca\/wp-json\/wp\/v2\/types\/post"}],"author":[{"embeddable":true,"href":"https:\/\/csif.umh.es\/ca\/wp-json\/wp\/v2\/users\/165"}],"replies":[{"embeddable":true,"href":"https:\/\/csif.umh.es\/ca\/wp-json\/wp\/v2\/comments?post=1703"}],"version-history":[{"count":0,"href":"https:\/\/csif.umh.es\/ca\/wp-json\/wp\/v2\/posts\/1703\/revisions"}],"wp:attachment":[{"href":"https:\/\/csif.umh.es\/ca\/wp-json\/wp\/v2\/media?parent=1703"}],"wp:term":[{"taxonomy":"category","embeddable":true,"href":"https:\/\/csif.umh.es\/ca\/wp-json\/wp\/v2\/categories?post=1703"},{"taxonomy":"post_tag","embeddable":true,"href":"https:\/\/csif.umh.es\/ca\/wp-json\/wp\/v2\/tags?post=1703"}],"curies":[{"name":"wp","href":"https:\/\/api.w.org\/{rel}","templated":true}]}}