{"id":1242,"date":"2013-06-07T10:41:36","date_gmt":"2013-06-07T08:41:36","guid":{"rendered":"http:\/\/csif.umh.es\/2013\/06\/07\/los-sindicatos-europeos-independientes-se-unen-contra-las-politicas-de-recorte-en-la-union-europea\/"},"modified":"2013-06-07T10:49:23","modified_gmt":"2013-06-07T08:49:23","slug":"los-sindicatos-europeos-independientes-se-unen-contra-las-politicas-de-recorte-en-la-union-europea","status":"publish","type":"post","link":"https:\/\/csif.umh.es\/ca\/2013\/06\/07\/los-sindicatos-europeos-independientes-se-unen-contra-las-politicas-de-recorte-en-la-union-europea\/","title":{"rendered":"<span lang=\"es\">(Espa\u00f1ol) Los sindicatos europeos independientes se unen contra las pol\u00edticas de recorte en la Uni\u00f3n Europea<\/span>"},"content":{"rendered":"<p><\/p>\n<\/p>\n<p><\/p>","protected":false},"excerpt":{"rendered":"","protected":false},"author":165,"featured_media":0,"comment_status":"closed","ping_status":"open","sticky":false,"template":"","format":"standard","meta":{"ngg_post_thumbnail":0,"_links_to":"","_links_to_target":""},"categories":[1],"tags":[],"_links":{"self":[{"href":"https:\/\/csif.umh.es\/ca\/wp-json\/wp\/v2\/posts\/1242"}],"collection":[{"href":"https:\/\/csif.umh.es\/ca\/wp-json\/wp\/v2\/posts"}],"about":[{"href":"https:\/\/csif.umh.es\/ca\/wp-json\/wp\/v2\/types\/post"}],"author":[{"embeddable":true,"href":"https:\/\/csif.umh.es\/ca\/wp-json\/wp\/v2\/users\/165"}],"replies":[{"embeddable":true,"href":"https:\/\/csif.umh.es\/ca\/wp-json\/wp\/v2\/comments?post=1242"}],"version-history":[{"count":0,"href":"https:\/\/csif.umh.es\/ca\/wp-json\/wp\/v2\/posts\/1242\/revisions"}],"wp:attachment":[{"href":"https:\/\/csif.umh.es\/ca\/wp-json\/wp\/v2\/media?parent=1242"}],"wp:term":[{"taxonomy":"category","embeddable":true,"href":"https:\/\/csif.umh.es\/ca\/wp-json\/wp\/v2\/categories?post=1242"},{"taxonomy":"post_tag","embeddable":true,"href":"https:\/\/csif.umh.es\/ca\/wp-json\/wp\/v2\/tags?post=1242"}],"curies":[{"name":"wp","href":"https:\/\/api.w.org\/{rel}","templated":true}]}}