{"id":1173,"date":"2013-02-15T12:35:03","date_gmt":"2013-02-15T11:35:03","guid":{"rendered":"http:\/\/csif.umh.es\/2013\/02\/15\/la-funcion-publica-espanola-reconoce-por-primera-vez-el-pleno-derecho-de-los-hombres-al-permiso-de-lactancia\/"},"modified":"2013-02-20T10:55:50","modified_gmt":"2013-02-20T09:55:50","slug":"la-funcion-publica-espanola-reconoce-por-primera-vez-el-pleno-derecho-de-los-hombres-al-permiso-de-lactancia","status":"publish","type":"post","link":"https:\/\/csif.umh.es\/ca\/2013\/02\/15\/la-funcion-publica-espanola-reconoce-por-primera-vez-el-pleno-derecho-de-los-hombres-al-permiso-de-lactancia\/","title":{"rendered":"<span lang=\"es\">(Espa\u00f1ol) La Funci\u00f3n P\u00fablica espa\u00f1ola reconoce por primera vez el pleno derecho de los hombres al permiso de lactancia<\/span>"},"content":{"rendered":"<p><\/p>\n<\/p>\n<p><\/p>","protected":false},"excerpt":{"rendered":"","protected":false},"author":165,"featured_media":0,"comment_status":"closed","ping_status":"open","sticky":false,"template":"","format":"standard","meta":{"ngg_post_thumbnail":0,"_links_to":"","_links_to_target":""},"categories":[1],"tags":[],"_links":{"self":[{"href":"https:\/\/csif.umh.es\/ca\/wp-json\/wp\/v2\/posts\/1173"}],"collection":[{"href":"https:\/\/csif.umh.es\/ca\/wp-json\/wp\/v2\/posts"}],"about":[{"href":"https:\/\/csif.umh.es\/ca\/wp-json\/wp\/v2\/types\/post"}],"author":[{"embeddable":true,"href":"https:\/\/csif.umh.es\/ca\/wp-json\/wp\/v2\/users\/165"}],"replies":[{"embeddable":true,"href":"https:\/\/csif.umh.es\/ca\/wp-json\/wp\/v2\/comments?post=1173"}],"version-history":[{"count":0,"href":"https:\/\/csif.umh.es\/ca\/wp-json\/wp\/v2\/posts\/1173\/revisions"}],"wp:attachment":[{"href":"https:\/\/csif.umh.es\/ca\/wp-json\/wp\/v2\/media?parent=1173"}],"wp:term":[{"taxonomy":"category","embeddable":true,"href":"https:\/\/csif.umh.es\/ca\/wp-json\/wp\/v2\/categories?post=1173"},{"taxonomy":"post_tag","embeddable":true,"href":"https:\/\/csif.umh.es\/ca\/wp-json\/wp\/v2\/tags?post=1173"}],"curies":[{"name":"wp","href":"https:\/\/api.w.org\/{rel}","templated":true}]}}