{"id":1136,"date":"2013-01-20T19:37:45","date_gmt":"2013-01-20T18:37:45","guid":{"rendered":"http:\/\/csif.umh.es\/2013\/01\/20\/el-grueso-de-empleados-en-la-administracion-general-del-estado-ha-interpuesto-hoy-la-reclamacion-de-la-paga-extra\/"},"modified":"2013-01-20T19:40:46","modified_gmt":"2013-01-20T18:40:46","slug":"el-grueso-de-empleados-en-la-administracion-general-del-estado-ha-interpuesto-hoy-la-reclamacion-de-la-paga-extra","status":"publish","type":"post","link":"https:\/\/csif.umh.es\/ca\/2013\/01\/20\/el-grueso-de-empleados-en-la-administracion-general-del-estado-ha-interpuesto-hoy-la-reclamacion-de-la-paga-extra\/","title":{"rendered":"<span lang=\"es\">(Espa\u00f1ol) El grueso de empleados en la Administraci\u00f3n General del Estado ha interpuesto hoy la reclamaci\u00f3n de la paga extra<\/span>"},"content":{"rendered":"<p><\/p>\n<\/p>\n<p><\/p>","protected":false},"excerpt":{"rendered":"","protected":false},"author":165,"featured_media":0,"comment_status":"closed","ping_status":"open","sticky":false,"template":"","format":"standard","meta":{"ngg_post_thumbnail":0,"_links_to":"","_links_to_target":""},"categories":[1],"tags":[],"_links":{"self":[{"href":"https:\/\/csif.umh.es\/ca\/wp-json\/wp\/v2\/posts\/1136"}],"collection":[{"href":"https:\/\/csif.umh.es\/ca\/wp-json\/wp\/v2\/posts"}],"about":[{"href":"https:\/\/csif.umh.es\/ca\/wp-json\/wp\/v2\/types\/post"}],"author":[{"embeddable":true,"href":"https:\/\/csif.umh.es\/ca\/wp-json\/wp\/v2\/users\/165"}],"replies":[{"embeddable":true,"href":"https:\/\/csif.umh.es\/ca\/wp-json\/wp\/v2\/comments?post=1136"}],"version-history":[{"count":0,"href":"https:\/\/csif.umh.es\/ca\/wp-json\/wp\/v2\/posts\/1136\/revisions"}],"wp:attachment":[{"href":"https:\/\/csif.umh.es\/ca\/wp-json\/wp\/v2\/media?parent=1136"}],"wp:term":[{"taxonomy":"category","embeddable":true,"href":"https:\/\/csif.umh.es\/ca\/wp-json\/wp\/v2\/categories?post=1136"},{"taxonomy":"post_tag","embeddable":true,"href":"https:\/\/csif.umh.es\/ca\/wp-json\/wp\/v2\/tags?post=1136"}],"curies":[{"name":"wp","href":"https:\/\/api.w.org\/{rel}","templated":true}]}}