{"id":1068,"date":"2012-11-21T14:27:20","date_gmt":"2012-11-21T13:27:20","guid":{"rendered":"http:\/\/csif.umh.es\/2012\/11\/21\/25-de-noviembre-dia-internacional-contra-la-violencia-de-genero\/"},"modified":"2012-11-21T23:08:02","modified_gmt":"2012-11-21T22:08:02","slug":"25-de-noviembre-dia-internacional-contra-la-violencia-de-genero","status":"publish","type":"post","link":"https:\/\/csif.umh.es\/ca\/2012\/11\/21\/25-de-noviembre-dia-internacional-contra-la-violencia-de-genero\/","title":{"rendered":"<span lang=\"es\">(Espa\u00f1ol) 25 de Noviembre D\u00eda Internacional Contra la Violencia de G\u00e9nero<\/span>"},"content":{"rendered":"<p><\/p>\n<\/p>\n<p><\/p>","protected":false},"excerpt":{"rendered":"","protected":false},"author":165,"featured_media":0,"comment_status":"closed","ping_status":"open","sticky":false,"template":"","format":"standard","meta":{"ngg_post_thumbnail":0,"_links_to":"","_links_to_target":""},"categories":[1],"tags":[],"_links":{"self":[{"href":"https:\/\/csif.umh.es\/ca\/wp-json\/wp\/v2\/posts\/1068"}],"collection":[{"href":"https:\/\/csif.umh.es\/ca\/wp-json\/wp\/v2\/posts"}],"about":[{"href":"https:\/\/csif.umh.es\/ca\/wp-json\/wp\/v2\/types\/post"}],"author":[{"embeddable":true,"href":"https:\/\/csif.umh.es\/ca\/wp-json\/wp\/v2\/users\/165"}],"replies":[{"embeddable":true,"href":"https:\/\/csif.umh.es\/ca\/wp-json\/wp\/v2\/comments?post=1068"}],"version-history":[{"count":0,"href":"https:\/\/csif.umh.es\/ca\/wp-json\/wp\/v2\/posts\/1068\/revisions"}],"wp:attachment":[{"href":"https:\/\/csif.umh.es\/ca\/wp-json\/wp\/v2\/media?parent=1068"}],"wp:term":[{"taxonomy":"category","embeddable":true,"href":"https:\/\/csif.umh.es\/ca\/wp-json\/wp\/v2\/categories?post=1068"},{"taxonomy":"post_tag","embeddable":true,"href":"https:\/\/csif.umh.es\/ca\/wp-json\/wp\/v2\/tags?post=1068"}],"curies":[{"name":"wp","href":"https:\/\/api.w.org\/{rel}","templated":true}]}}