{"id":1027,"date":"2012-10-26T08:00:26","date_gmt":"2012-10-26T08:00:26","guid":{"rendered":"http:\/\/csif.umh.es\/2012\/10\/26\/csi-f-logra-que-el-gobierno-abra-las-mesas-de-negociacion-de-las-condiciones-laborales-de-los-empleados-publicos-2\/"},"modified":"2012-10-26T08:02:27","modified_gmt":"2012-10-26T08:02:27","slug":"csi-f-logra-que-el-gobierno-abra-las-mesas-de-negociacion-de-las-condiciones-laborales-de-los-empleados-publicos-2","status":"publish","type":"post","link":"https:\/\/csif.umh.es\/ca\/2012\/10\/26\/csi-f-logra-que-el-gobierno-abra-las-mesas-de-negociacion-de-las-condiciones-laborales-de-los-empleados-publicos-2\/","title":{"rendered":"<span lang=\"es\">(Espa\u00f1ol) CSI-F logra que el Gobierno abra las mesas de negociaci\u00f3n de las condiciones laborales de los empleados p\u00fablicos<\/span>"},"content":{"rendered":"<p><\/p>\n<\/p>\n<p><\/p>","protected":false},"excerpt":{"rendered":"","protected":false},"author":165,"featured_media":0,"comment_status":"closed","ping_status":"open","sticky":false,"template":"","format":"standard","meta":{"ngg_post_thumbnail":0,"_links_to":"","_links_to_target":""},"categories":[1],"tags":[],"_links":{"self":[{"href":"https:\/\/csif.umh.es\/ca\/wp-json\/wp\/v2\/posts\/1027"}],"collection":[{"href":"https:\/\/csif.umh.es\/ca\/wp-json\/wp\/v2\/posts"}],"about":[{"href":"https:\/\/csif.umh.es\/ca\/wp-json\/wp\/v2\/types\/post"}],"author":[{"embeddable":true,"href":"https:\/\/csif.umh.es\/ca\/wp-json\/wp\/v2\/users\/165"}],"replies":[{"embeddable":true,"href":"https:\/\/csif.umh.es\/ca\/wp-json\/wp\/v2\/comments?post=1027"}],"version-history":[{"count":0,"href":"https:\/\/csif.umh.es\/ca\/wp-json\/wp\/v2\/posts\/1027\/revisions"}],"wp:attachment":[{"href":"https:\/\/csif.umh.es\/ca\/wp-json\/wp\/v2\/media?parent=1027"}],"wp:term":[{"taxonomy":"category","embeddable":true,"href":"https:\/\/csif.umh.es\/ca\/wp-json\/wp\/v2\/categories?post=1027"},{"taxonomy":"post_tag","embeddable":true,"href":"https:\/\/csif.umh.es\/ca\/wp-json\/wp\/v2\/tags?post=1027"}],"curies":[{"name":"wp","href":"https:\/\/api.w.org\/{rel}","templated":true}]}}