{"id":1010,"date":"2012-10-18T12:18:05","date_gmt":"2012-10-18T12:18:05","guid":{"rendered":"http:\/\/csif.umh.es\/2012\/10\/18\/csi-f-y-la-confederacion-europea-de-sindicatos-independientes-defenderan-las-condiciones-de-los-empleados-publicos-ante-un-eventual-rescate-de-espana\/"},"modified":"2012-10-18T12:21:59","modified_gmt":"2012-10-18T12:21:59","slug":"csi-f-y-la-confederacion-europea-de-sindicatos-independientes-defenderan-las-condiciones-de-los-empleados-publicos-ante-un-eventual-rescate-de-espana","status":"publish","type":"post","link":"https:\/\/csif.umh.es\/ca\/2012\/10\/18\/csi-f-y-la-confederacion-europea-de-sindicatos-independientes-defenderan-las-condiciones-de-los-empleados-publicos-ante-un-eventual-rescate-de-espana\/","title":{"rendered":"<span lang=\"es\">(Espa\u00f1ol) CSI-F y la Confederaci\u00f3n Europea de Sindicatos Independientes defender\u00e1n las condiciones de los empleados p\u00fablicos ante un eventual rescate de Espa\u00f1a<\/span>"},"content":{"rendered":"<p><\/p>\n<\/p>\n<p><\/p>","protected":false},"excerpt":{"rendered":"","protected":false},"author":165,"featured_media":0,"comment_status":"closed","ping_status":"open","sticky":false,"template":"","format":"standard","meta":{"ngg_post_thumbnail":0,"_links_to":"","_links_to_target":""},"categories":[1],"tags":[],"_links":{"self":[{"href":"https:\/\/csif.umh.es\/ca\/wp-json\/wp\/v2\/posts\/1010"}],"collection":[{"href":"https:\/\/csif.umh.es\/ca\/wp-json\/wp\/v2\/posts"}],"about":[{"href":"https:\/\/csif.umh.es\/ca\/wp-json\/wp\/v2\/types\/post"}],"author":[{"embeddable":true,"href":"https:\/\/csif.umh.es\/ca\/wp-json\/wp\/v2\/users\/165"}],"replies":[{"embeddable":true,"href":"https:\/\/csif.umh.es\/ca\/wp-json\/wp\/v2\/comments?post=1010"}],"version-history":[{"count":0,"href":"https:\/\/csif.umh.es\/ca\/wp-json\/wp\/v2\/posts\/1010\/revisions"}],"wp:attachment":[{"href":"https:\/\/csif.umh.es\/ca\/wp-json\/wp\/v2\/media?parent=1010"}],"wp:term":[{"taxonomy":"category","embeddable":true,"href":"https:\/\/csif.umh.es\/ca\/wp-json\/wp\/v2\/categories?post=1010"},{"taxonomy":"post_tag","embeddable":true,"href":"https:\/\/csif.umh.es\/ca\/wp-json\/wp\/v2\/tags?post=1010"}],"curies":[{"name":"wp","href":"https:\/\/api.w.org\/{rel}","templated":true}]}}