{"id":1005,"date":"2012-10-16T11:34:28","date_gmt":"2012-10-16T11:34:28","guid":{"rendered":"http:\/\/csif.umh.es\/2012\/10\/16\/csi-f-no-hara-campana-por-el-referendum-sobre-los-recortes-del-gobierno\/"},"modified":"2012-10-16T11:34:49","modified_gmt":"2012-10-16T11:34:49","slug":"csi-f-no-hara-campana-por-el-referendum-sobre-los-recortes-del-gobierno","status":"publish","type":"post","link":"https:\/\/csif.umh.es\/ca\/2012\/10\/16\/csi-f-no-hara-campana-por-el-referendum-sobre-los-recortes-del-gobierno\/","title":{"rendered":"<span lang=\"es\">(Espa\u00f1ol) CSI-F no har\u00e1 campa\u00f1a por el refer\u00e9ndum sobre los recortes del Gobierno<\/span>"},"content":{"rendered":"<p><\/p>\n<p><\/p>","protected":false},"excerpt":{"rendered":"","protected":false},"author":165,"featured_media":0,"comment_status":"closed","ping_status":"open","sticky":false,"template":"","format":"standard","meta":{"ngg_post_thumbnail":0,"_links_to":"","_links_to_target":""},"categories":[1],"tags":[],"_links":{"self":[{"href":"https:\/\/csif.umh.es\/ca\/wp-json\/wp\/v2\/posts\/1005"}],"collection":[{"href":"https:\/\/csif.umh.es\/ca\/wp-json\/wp\/v2\/posts"}],"about":[{"href":"https:\/\/csif.umh.es\/ca\/wp-json\/wp\/v2\/types\/post"}],"author":[{"embeddable":true,"href":"https:\/\/csif.umh.es\/ca\/wp-json\/wp\/v2\/users\/165"}],"replies":[{"embeddable":true,"href":"https:\/\/csif.umh.es\/ca\/wp-json\/wp\/v2\/comments?post=1005"}],"version-history":[{"count":0,"href":"https:\/\/csif.umh.es\/ca\/wp-json\/wp\/v2\/posts\/1005\/revisions"}],"wp:attachment":[{"href":"https:\/\/csif.umh.es\/ca\/wp-json\/wp\/v2\/media?parent=1005"}],"wp:term":[{"taxonomy":"category","embeddable":true,"href":"https:\/\/csif.umh.es\/ca\/wp-json\/wp\/v2\/categories?post=1005"},{"taxonomy":"post_tag","embeddable":true,"href":"https:\/\/csif.umh.es\/ca\/wp-json\/wp\/v2\/tags?post=1005"}],"curies":[{"name":"wp","href":"https:\/\/api.w.org\/{rel}","templated":true}]}}